{"id":32129,"date":"2026-04-27T18:31:40","date_gmt":"2026-04-27T16:31:40","guid":{"rendered":"https:\/\/janjaprokic.com\/?p=32129"},"modified":"2026-04-27T18:37:08","modified_gmt":"2026-04-27T16:37:08","slug":"stories-of-women-in-the-role-of-mother","status":"publish","type":"post","link":"https:\/\/janjaprokic.com\/en\/stories-of-women-in-the-role-of-mother\/","title":{"rendered":"Stories of Women in the Role of Mother: Emma Hanzl\u00ednov\u00e1 and Barbora Str\u00fdcov\u00e1"},"content":{"rendered":"<p><strong>Motherhood is beautiful and fulfilling, but also fragile and demanding. To celebrate Mother\u2019s Day, we bring reflections from three women on how to find autonomy between motherhood and personal identity, and on what forms the foundations of upbringing and love.<\/strong><\/p>\n<p><img decoding=\"async\" class=\"lazyload aligncenter wp-image-32106\" src=\"https:\/\/janjaprokic.com\/wp-content\/uploads\/2026\/04\/Janja-x-Bara-x-Mothers_IMG7852-ve-velke-velikosti.jpeg\" data-orig-src=\"https:\/\/janjaprokic.com\/wp-content\/uploads\/2026\/04\/Janja-x-Bara-x-Mothers_IMG7852-ve-velke-velikosti.jpeg\" alt=\"\" width=\"740\" height=\"987\" srcset=\"data:image\/svg+xml,%3Csvg%20xmlns%3D%27http%3A%2F%2Fwww.w3.org%2F2000%2Fsvg%27%20width%3D%27740%27%20height%3D%27987%27%20viewBox%3D%270%200%20740%20987%27%3E%3Crect%20width%3D%27740%27%20height%3D%27987%27%20fill-opacity%3D%220%22%2F%3E%3C%2Fsvg%3E\" data-srcset=\"https:\/\/janjaprokic.com\/wp-content\/uploads\/2026\/04\/Janja-x-Bara-x-Mothers_IMG7852-ve-velke-velikosti-225x300.jpeg 225w, https:\/\/janjaprokic.com\/wp-content\/uploads\/2026\/04\/Janja-x-Bara-x-Mothers_IMG7852-ve-velke-velikosti-562x749.jpeg 562w, https:\/\/janjaprokic.com\/wp-content\/uploads\/2026\/04\/Janja-x-Bara-x-Mothers_IMG7852-ve-velke-velikosti-700x933.jpeg 700w, https:\/\/janjaprokic.com\/wp-content\/uploads\/2026\/04\/Janja-x-Bara-x-Mothers_IMG7852-ve-velke-velikosti-768x1024.jpeg 768w, https:\/\/janjaprokic.com\/wp-content\/uploads\/2026\/04\/Janja-x-Bara-x-Mothers_IMG7852-ve-velke-velikosti.jpeg 960w\" data-sizes=\"auto\" data-orig-sizes=\"(max-width: 740px) 100vw, 740px\" \/><\/p>\n<p><strong>Barbora Str\u00fdcov\u00e1 has three pinned posts on Instagram. The first captures her as a&nbsp;Wimbledon champion, the second celebrates the birth of her daughter Josef\u00edna, and the third her son Vincent. She continues to prove that motherhood does not mean limitation or the end of a&nbsp;sports career. Currently, she is making her mark in the running world and achieved a&nbsp;personal best at the famous Boston Marathon.<\/strong><\/p>\n<p data-start=\"705\" data-end=\"1107\"><strong data-start=\"705\" data-end=\"769\">What has motherhood brought you, and how has it changed you?<\/strong><br data-start=\"769\" data-end=\"772\" \/>Motherhood has allowed me to be more myself than ever before. It may sound strange, but through my children I\u2019ve gradually let go of many learned patterns and started to trust my intuition and instincts more. At the same time, it forced me to slow down in a&nbsp;way I&nbsp;would never have allowed myself. And it has taught me greater patience.<\/p>\n<p data-start=\"1109\" data-end=\"1508\"><strong data-start=\"1109\" data-end=\"1208\">What surprised you most about motherhood? Where did reality differ most from your expectations?<\/strong><br data-start=\"1208\" data-end=\"1211\" \/>How little people talk about its more challenging sides. About the depth and intensity of emotions, the fatigue, the occasional moments of helplessness. About questions like: am I&nbsp;doing this right, am I&nbsp;a&nbsp;good mother? You have some idea, but reality is much more layered. Not worse\u2014just more real.<\/p>\n<p data-start=\"1510\" data-end=\"1762\"><strong data-start=\"1510\" data-end=\"1566\">How has it changed your relationship with your body?<\/strong><br data-start=\"1566\" data-end=\"1569\" \/>I wouldn\u2019t say it has changed fundamentally. I&nbsp;don\u2019t perceive it differently than before; rather, my respect for it has deepened\u2014for everything it has gone through and what it has accomplished.<\/p>\n<p data-start=\"1764\" data-end=\"2020\"><strong data-start=\"1764\" data-end=\"1822\">How has motherhood influenced your work and ambitions?<\/strong><br data-start=\"1822\" data-end=\"1825\" \/>My ambitions are still big, and my work remains important to me. What has changed is how I&nbsp;approach it. I\u2019m more mindful of where I&nbsp;put my energy and whether it makes sense alongside family life.<\/p>\n<p data-start=\"2022\" data-end=\"2459\" data-is-last-node=\"\" data-is-only-node=\"\"><strong data-start=\"2022\" data-end=\"2171\">Do you have a&nbsp;piece of jewelry that you associate with motherhood or a&nbsp;particular stage of it? What story does it carry, and when do you wear it?<\/strong><br data-start=\"2171\" data-end=\"2174\" \/>I have a&nbsp;watch that I&nbsp;received after my daughter was born, and I&nbsp;absolutely love it. And then there\u2019s a&nbsp;ring from Janja that resembles a&nbsp;tree root and symbolizes a&nbsp;strong sense of family for me. I&nbsp;wear it in moments when I&nbsp;want to remind myself of that and reconnect with that feeling.<\/p>\n<p data-start=\"291\" data-end=\"749\"><img decoding=\"async\" class=\"lazyload aligncenter wp-image-32110\" src=\"data:image\/svg+xml,%3Csvg%20xmlns%3D%27http%3A%2F%2Fwww.w3.org%2F2000%2Fsvg%27%20width%3D%27740%27%20height%3D%27987%27%20viewBox%3D%270%200%20740%20987%27%3E%3Crect%20width%3D%27740%27%20height%3D%27987%27%20fill-opacity%3D%220%22%2F%3E%3C%2Fsvg%3E\" data-orig-src=\"https:\/\/janjaprokic.com\/wp-content\/uploads\/2026\/04\/Janja-x-Ema-x-Mothers_IMG8067-2-scaled.png\" alt=\"\" width=\"740\" height=\"987\" \/><\/p>\n<p data-start=\"751\" data-end=\"1399\"><strong data-start=\"751\" data-end=\"844\">Emma Hanzl\u00edkov\u00e1 is an art historian, curator, and author who has long worked at the intersection of exhibition practice, writing, and working with art collections. She is a&nbsp;curator of the collection at the private 8smi\u010dka Foundation in Humpolec. Alongside her curatorial work, she is also part of the family publishing house Meander, which specializes in visually exceptional books for children. She lives in Prague with her husband and their three children.<\/strong><\/p>\n<p data-start=\"751\" data-end=\"1399\"><strong data-start=\"751\" data-end=\"844\">How is it that children who have the same mother and father can be such different beings?<\/strong><br data-start=\"844\" data-end=\"847\" \/>I notice the difference mainly between my sons and my daughter. Hubert and Arne are sensitive and perceptive, but they don\u2019t have the same kind of empathy as Karla. At the same time, the boys don\u2019t dare to do to me what she does. My grandmother used to say to my mother, \u201cYour daughter will pay you back one day.\u201d And my mother then said the same to me. A&nbsp;daughter somehow defines herself in opposition, but I&nbsp;reject this idea of \u201cpaying back.\u201d I&nbsp;feel the need to break this chain within the family, so I\u2019ll probably deprive Karla of that line forever.<\/p>\n<p data-start=\"751\" data-end=\"1399\"><strong data-start=\"2088\" data-end=\"2186\">How can you combine motherhood, work, academic life\u2014and not go crazy? How do you find balance?<\/strong><br data-start=\"2186\" data-end=\"2189\" \/>I don\u2019t want anyone to take me as an example. It can be combined, but there\u2019s no universal path. Sometimes it\u2019s quite a&nbsp;wild ride inside my head. On the other hand, when I&nbsp;tried the version of being only a&nbsp;mom\u2014going to playgrounds, doing laundry, cooking, playing board games with the kids, practicing piano with them, and driving them to activities\u2014it didn\u2019t feel entirely like me. I&nbsp;never had a&nbsp;traditional maternity leave, but I&nbsp;do honor holidays. During the summer, I&nbsp;always try to be with my children as much as possible. There have also been harsh moments when I&nbsp;was playing with Lego with one hand while fighting a&nbsp;deadline on my computer with the other. There\u2019s nothing to boast about\u2014I brought it on myself.<br data-start=\"2905\" data-end=\"2908\" \/>It helps me when I&nbsp;read, work in the garden, or go to church. I&nbsp;like swimming, playing tennis, and running. My husband and I&nbsp;also have evenings when we go out just the two of us. Tuesdays aren\u2019t popular with our children\u2014but they are with us. Sometimes I&nbsp;need to be completely alone. When the children were little, my husband would give me \u201cweaning trips\u201d\u2014I went to Korea, Luha\u010dovice, or New York.<img decoding=\"async\" class=\"lazyload aligncenter wp-image-32116\" src=\"https:\/\/janjaprokic.com\/wp-content\/uploads\/2026\/04\/Janja-x-Ema-x-Mothers_IMG7966-scaled.jpg\" data-orig-src=\"https:\/\/janjaprokic.com\/wp-content\/uploads\/2026\/04\/Janja-x-Ema-x-Mothers_IMG7966-scaled.jpg\" alt=\"\" width=\"842\" height=\"628\" srcset=\"data:image\/svg+xml,%3Csvg%20xmlns%3D%27http%3A%2F%2Fwww.w3.org%2F2000%2Fsvg%27%20width%3D%27842%27%20height%3D%27628%27%20viewBox%3D%270%200%20842%20628%27%3E%3Crect%20width%3D%27842%27%20height%3D%27628%27%20fill-opacity%3D%220%22%2F%3E%3C%2Fsvg%3E\" data-srcset=\"https:\/\/janjaprokic.com\/wp-content\/uploads\/2026\/04\/Janja-x-Ema-x-Mothers_IMG7966-300x225.jpg 300w, https:\/\/janjaprokic.com\/wp-content\/uploads\/2026\/04\/Janja-x-Ema-x-Mothers_IMG7966-scaled.jpg 2060w\" data-sizes=\"auto\" data-orig-sizes=\"(max-width: 842px) 100vw, 842px\" \/><b><\/b><\/p>\n<p data-start=\"1401\" data-end=\"2086\"><strong data-start=\"1401\" data-end=\"1508\">What have your children taught you about the world? In what ways have you become better thanks to them?<\/strong><br data-start=\"1508\" data-end=\"1511\" \/>I enjoy traveling the world with them. I&nbsp;take them with me often, even on work trips, and I&nbsp;try to find a&nbsp;balance so that it\u2019s enjoyable for both us and them. I&nbsp;refuse to spend time only on children\u2019s attractions. This May, we\u2019re going together to the Venice Biennale.<br data-start=\"1779\" data-end=\"1782\" \/>But I&nbsp;would never dare say that I\u2019m a&nbsp;better person thanks to my children. I\u2019m not very patient, but perhaps I\u2019m at least more careful now. Karla always tells me, when I\u2019m squeezing her hand and dragging her to kindergarten in the morning because we\u2019re late: \u201cMom, life doesn\u2019t rush!\u201d I&nbsp;really love that.<\/p>\n<p data-start=\"3307\" data-end=\"4561\" data-is-last-node=\"\" data-is-only-node=\"\"><strong data-start=\"3307\" data-end=\"3420\">Do you associate motherhood with a&nbsp;particular piece of jewelry? Do you see jewelry as a&nbsp;memory or a&nbsp;talisman?<\/strong><br data-start=\"3420\" data-end=\"3423\" \/>My mother used to wear a&nbsp;gold locket with a&nbsp;red ruby. It was hard to open\u2014she almost broke a&nbsp;nail every time\u2014and inside was a&nbsp;black-and-white photo of my father. I\u2019d like something similar, just as a&nbsp;triptych, so I&nbsp;could put photos of all my children in it.<br data-start=\"3680\" data-end=\"3683\" \/>She also often wore a&nbsp;silver hollow boot on a&nbsp;chain, which I&nbsp;used to stick my finger into when I&nbsp;sat on her lap as a&nbsp;child. It seems symbolic to me that children remember their mothers through jewelry. It hangs around their necks like necklaces or wraps around their fingers like rings.<br data-start=\"3969\" data-end=\"3972\" \/>I often consult my children about which piece of jewelry I&nbsp;should wear. When a&nbsp;diamond fell out of my engagement ring, they experienced it even more intensely than I&nbsp;did. I&nbsp;wonder which pieces of jewelry will stay in their memories of growing up with me. So in a&nbsp;way, it\u2019s more a&nbsp;memory for them than something I&nbsp;consciously create for myself as a&nbsp;mark of being a&nbsp;mother. I&nbsp;had pink coral brooches made by Janja. From one large cluster, a&nbsp;piece was cut for each of us. The inspiration came from Renaissance paintings of the infant Jesus, where he wears a&nbsp;coral bead as a&nbsp;protective amulet.<\/p>\n<p>Foto: Hana Kn\u00ed\u017eov\u00e1<\/p>\n","protected":false},"excerpt":{"rendered":"<p>Motherhood is beautiful and fulfilling, but also fragile and demanding.  [&#8230;]<\/p>\n","protected":false},"author":2,"featured_media":32111,"comment_status":"closed","ping_status":"closed","sticky":false,"template":"","format":"standard","meta":{"_acf_changed":false,"footnotes":""},"categories":[85],"tags":[],"class_list":["post-32129","post","type-post","status-publish","format-standard","has-post-thumbnail","hentry","category-projects"],"acf":[],"yoast_head":"<!-- This site is optimized with the Yoast SEO plugin v25.6 - https:\/\/yoast.com\/wordpress\/plugins\/seo\/ -->\n<title>Stories of Women in the Role of Mother: Emma Hanzl\u00ednov\u00e1 and Barbora Str\u00fdcov\u00e1 - Janja Proki\u0107<\/title>\n<meta name=\"robots\" content=\"index, follow, max-snippet:-1, max-image-preview:large, max-video-preview:-1\" \/>\n<link rel=\"canonical\" href=\"https:\/\/janjaprokic.com\/en\/stories-of-women-in-the-role-of-mother\/\" \/>\n<meta property=\"og:locale\" content=\"en_US\" \/>\n<meta property=\"og:type\" content=\"article\" \/>\n<meta property=\"og:title\" content=\"Stories of Women in the Role of Mother: Emma Hanzl\u00ednov\u00e1 and Barbora Str\u00fdcov\u00e1 - Janja Proki\u0107\" \/>\n<meta property=\"og:description\" content=\"Motherhood is beautiful and fulfilling, but also fragile and demanding. [...]\" \/>\n<meta property=\"og:url\" content=\"https:\/\/janjaprokic.com\/en\/stories-of-women-in-the-role-of-mother\/\" \/>\n<meta property=\"og:site_name\" content=\"Janja Proki\u0107\" \/>\n<meta property=\"article:published_time\" content=\"2026-04-27T16:31:40+00:00\" \/>\n<meta property=\"article:modified_time\" content=\"2026-04-27T16:37:08+00:00\" \/>\n<meta property=\"og:image\" content=\"https:\/\/janjaprokic.com\/wp-content\/uploads\/2026\/04\/Janja-x-Ema-x-Mothers_IMG8067-2-768x1024.png\" \/>\n\t<meta property=\"og:image:width\" content=\"768\" \/>\n\t<meta property=\"og:image:height\" content=\"1024\" \/>\n\t<meta property=\"og:image:type\" content=\"image\/png\" \/>\n<meta name=\"author\" content=\"janjaprokic\" \/>\n<meta name=\"twitter:card\" content=\"summary_large_image\" \/>\n<meta name=\"twitter:label1\" content=\"Written by\" \/>\n\t<meta name=\"twitter:data1\" content=\"janjaprokic\" \/>\n\t<meta name=\"twitter:label2\" content=\"Est. reading time\" \/>\n\t<meta name=\"twitter:data2\" content=\"8 minutes\" \/>\n<script type=\"application\/ld+json\" class=\"yoast-schema-graph\">{\"@context\":\"https:\/\/schema.org\",\"@graph\":[{\"@type\":\"Article\",\"@id\":\"https:\/\/janjaprokic.com\/en\/stories-of-women-in-the-role-of-mother\/#article\",\"isPartOf\":{\"@id\":\"https:\/\/janjaprokic.com\/en\/stories-of-women-in-the-role-of-mother\/\"},\"author\":{\"name\":\"janjaprokic\",\"@id\":\"https:\/\/janjaprokic.com\/#\/schema\/person\/df679b5592370f06b575ef01e09af8fa\"},\"headline\":\"Stories of Women in the Role of Mother: Emma Hanzl\u00ednov\u00e1 and Barbora Str\u00fdcov\u00e1\",\"datePublished\":\"2026-04-27T16:31:40+00:00\",\"dateModified\":\"2026-04-27T16:37:08+00:00\",\"mainEntityOfPage\":{\"@id\":\"https:\/\/janjaprokic.com\/en\/stories-of-women-in-the-role-of-mother\/\"},\"wordCount\":1245,\"publisher\":{\"@id\":\"https:\/\/janjaprokic.com\/#\/schema\/person\/df679b5592370f06b575ef01e09af8fa\"},\"image\":{\"@id\":\"https:\/\/janjaprokic.com\/en\/stories-of-women-in-the-role-of-mother\/#primaryimage\"},\"thumbnailUrl\":\"https:\/\/janjaprokic.com\/wp-content\/uploads\/2026\/04\/Janja-x-Ema-x-Mothers_IMG8067-2-scaled-e1777307654572.png\",\"articleSection\":[\"Projects\"],\"inLanguage\":\"en-US\"},{\"@type\":\"WebPage\",\"@id\":\"https:\/\/janjaprokic.com\/en\/stories-of-women-in-the-role-of-mother\/\",\"url\":\"https:\/\/janjaprokic.com\/en\/stories-of-women-in-the-role-of-mother\/\",\"name\":\"Stories of Women in the Role of Mother: Emma Hanzl\u00ednov\u00e1 and Barbora Str\u00fdcov\u00e1 - Janja Proki\u0107\",\"isPartOf\":{\"@id\":\"https:\/\/janjaprokic.com\/#website\"},\"primaryImageOfPage\":{\"@id\":\"https:\/\/janjaprokic.com\/en\/stories-of-women-in-the-role-of-mother\/#primaryimage\"},\"image\":{\"@id\":\"https:\/\/janjaprokic.com\/en\/stories-of-women-in-the-role-of-mother\/#primaryimage\"},\"thumbnailUrl\":\"https:\/\/janjaprokic.com\/wp-content\/uploads\/2026\/04\/Janja-x-Ema-x-Mothers_IMG8067-2-scaled-e1777307654572.png\",\"datePublished\":\"2026-04-27T16:31:40+00:00\",\"dateModified\":\"2026-04-27T16:37:08+00:00\",\"breadcrumb\":{\"@id\":\"https:\/\/janjaprokic.com\/en\/stories-of-women-in-the-role-of-mother\/#breadcrumb\"},\"inLanguage\":\"en-US\",\"potentialAction\":[{\"@type\":\"ReadAction\",\"target\":[\"https:\/\/janjaprokic.com\/en\/stories-of-women-in-the-role-of-mother\/\"]}]},{\"@type\":\"ImageObject\",\"inLanguage\":\"en-US\",\"@id\":\"https:\/\/janjaprokic.com\/en\/stories-of-women-in-the-role-of-mother\/#primaryimage\",\"url\":\"https:\/\/janjaprokic.com\/wp-content\/uploads\/2026\/04\/Janja-x-Ema-x-Mothers_IMG8067-2-scaled-e1777307654572.png\",\"contentUrl\":\"https:\/\/janjaprokic.com\/wp-content\/uploads\/2026\/04\/Janja-x-Ema-x-Mothers_IMG8067-2-scaled-e1777307654572.png\",\"width\":1545,\"height\":2060},{\"@type\":\"BreadcrumbList\",\"@id\":\"https:\/\/janjaprokic.com\/en\/stories-of-women-in-the-role-of-mother\/#breadcrumb\",\"itemListElement\":[{\"@type\":\"ListItem\",\"position\":1,\"name\":\"Dom\u016f\",\"item\":\"https:\/\/janjaprokic.com\/en\/\"},{\"@type\":\"ListItem\",\"position\":2,\"name\":\"Stories of Women in the Role of Mother: Emma Hanzl\u00ednov\u00e1 and Barbora Str\u00fdcov\u00e1\"}]},{\"@type\":\"WebSite\",\"@id\":\"https:\/\/janjaprokic.com\/#website\",\"url\":\"https:\/\/janjaprokic.com\/\",\"name\":\"Janja Proki\u0107\",\"description\":\"V\u00edce ne\u017e \u0161perky\",\"publisher\":{\"@id\":\"https:\/\/janjaprokic.com\/#\/schema\/person\/df679b5592370f06b575ef01e09af8fa\"},\"potentialAction\":[{\"@type\":\"SearchAction\",\"target\":{\"@type\":\"EntryPoint\",\"urlTemplate\":\"https:\/\/janjaprokic.com\/?s={search_term_string}\"},\"query-input\":{\"@type\":\"PropertyValueSpecification\",\"valueRequired\":true,\"valueName\":\"search_term_string\"}}],\"inLanguage\":\"en-US\"},{\"@type\":[\"Person\",\"Organization\"],\"@id\":\"https:\/\/janjaprokic.com\/#\/schema\/person\/df679b5592370f06b575ef01e09af8fa\",\"name\":\"janjaprokic\",\"image\":{\"@type\":\"ImageObject\",\"inLanguage\":\"en-US\",\"@id\":\"https:\/\/janjaprokic.com\/#\/schema\/person\/image\/\",\"url\":\"https:\/\/janjaprokic.com\/wp-content\/uploads\/2025\/06\/Jan-Zima-JT-Banka-2025-04-scaled-e1749048016724.jpg\",\"contentUrl\":\"https:\/\/janjaprokic.com\/wp-content\/uploads\/2025\/06\/Jan-Zima-JT-Banka-2025-04-scaled-e1749048016724.jpg\",\"width\":1920,\"height\":1290,\"caption\":\"janjaprokic\"},\"logo\":{\"@id\":\"https:\/\/janjaprokic.com\/#\/schema\/person\/image\/\"}}]}<\/script>\n<!-- \/ Yoast SEO plugin. -->","yoast_head_json":{"title":"Stories of Women in the Role of Mother: Emma Hanzl\u00ednov\u00e1 and Barbora Str\u00fdcov\u00e1 - Janja Proki\u0107","robots":{"index":"index","follow":"follow","max-snippet":"max-snippet:-1","max-image-preview":"max-image-preview:large","max-video-preview":"max-video-preview:-1"},"canonical":"https:\/\/janjaprokic.com\/en\/stories-of-women-in-the-role-of-mother\/","og_locale":"en_US","og_type":"article","og_title":"Stories of Women in the Role of Mother: Emma Hanzl\u00ednov\u00e1 and Barbora Str\u00fdcov\u00e1 - Janja Proki\u0107","og_description":"Motherhood is beautiful and fulfilling, but also fragile and demanding. [...]","og_url":"https:\/\/janjaprokic.com\/en\/stories-of-women-in-the-role-of-mother\/","og_site_name":"Janja Proki\u0107","article_published_time":"2026-04-27T16:31:40+00:00","article_modified_time":"2026-04-27T16:37:08+00:00","og_image":[{"width":768,"height":1024,"url":"https:\/\/janjaprokic.com\/wp-content\/uploads\/2026\/04\/Janja-x-Ema-x-Mothers_IMG8067-2-768x1024.png","type":"image\/png"}],"author":"janjaprokic","twitter_card":"summary_large_image","twitter_misc":{"Written by":"janjaprokic","Est. reading time":"8 minutes"},"schema":{"@context":"https:\/\/schema.org","@graph":[{"@type":"Article","@id":"https:\/\/janjaprokic.com\/en\/stories-of-women-in-the-role-of-mother\/#article","isPartOf":{"@id":"https:\/\/janjaprokic.com\/en\/stories-of-women-in-the-role-of-mother\/"},"author":{"name":"janjaprokic","@id":"https:\/\/janjaprokic.com\/#\/schema\/person\/df679b5592370f06b575ef01e09af8fa"},"headline":"Stories of Women in the Role of Mother: Emma Hanzl\u00ednov\u00e1 and Barbora Str\u00fdcov\u00e1","datePublished":"2026-04-27T16:31:40+00:00","dateModified":"2026-04-27T16:37:08+00:00","mainEntityOfPage":{"@id":"https:\/\/janjaprokic.com\/en\/stories-of-women-in-the-role-of-mother\/"},"wordCount":1245,"publisher":{"@id":"https:\/\/janjaprokic.com\/#\/schema\/person\/df679b5592370f06b575ef01e09af8fa"},"image":{"@id":"https:\/\/janjaprokic.com\/en\/stories-of-women-in-the-role-of-mother\/#primaryimage"},"thumbnailUrl":"https:\/\/janjaprokic.com\/wp-content\/uploads\/2026\/04\/Janja-x-Ema-x-Mothers_IMG8067-2-scaled-e1777307654572.png","articleSection":["Projects"],"inLanguage":"en-US"},{"@type":"WebPage","@id":"https:\/\/janjaprokic.com\/en\/stories-of-women-in-the-role-of-mother\/","url":"https:\/\/janjaprokic.com\/en\/stories-of-women-in-the-role-of-mother\/","name":"Stories of Women in the Role of Mother: Emma Hanzl\u00ednov\u00e1 and Barbora Str\u00fdcov\u00e1 - Janja Proki\u0107","isPartOf":{"@id":"https:\/\/janjaprokic.com\/#website"},"primaryImageOfPage":{"@id":"https:\/\/janjaprokic.com\/en\/stories-of-women-in-the-role-of-mother\/#primaryimage"},"image":{"@id":"https:\/\/janjaprokic.com\/en\/stories-of-women-in-the-role-of-mother\/#primaryimage"},"thumbnailUrl":"https:\/\/janjaprokic.com\/wp-content\/uploads\/2026\/04\/Janja-x-Ema-x-Mothers_IMG8067-2-scaled-e1777307654572.png","datePublished":"2026-04-27T16:31:40+00:00","dateModified":"2026-04-27T16:37:08+00:00","breadcrumb":{"@id":"https:\/\/janjaprokic.com\/en\/stories-of-women-in-the-role-of-mother\/#breadcrumb"},"inLanguage":"en-US","potentialAction":[{"@type":"ReadAction","target":["https:\/\/janjaprokic.com\/en\/stories-of-women-in-the-role-of-mother\/"]}]},{"@type":"ImageObject","inLanguage":"en-US","@id":"https:\/\/janjaprokic.com\/en\/stories-of-women-in-the-role-of-mother\/#primaryimage","url":"https:\/\/janjaprokic.com\/wp-content\/uploads\/2026\/04\/Janja-x-Ema-x-Mothers_IMG8067-2-scaled-e1777307654572.png","contentUrl":"https:\/\/janjaprokic.com\/wp-content\/uploads\/2026\/04\/Janja-x-Ema-x-Mothers_IMG8067-2-scaled-e1777307654572.png","width":1545,"height":2060},{"@type":"BreadcrumbList","@id":"https:\/\/janjaprokic.com\/en\/stories-of-women-in-the-role-of-mother\/#breadcrumb","itemListElement":[{"@type":"ListItem","position":1,"name":"Dom\u016f","item":"https:\/\/janjaprokic.com\/en\/"},{"@type":"ListItem","position":2,"name":"Stories of Women in the Role of Mother: Emma Hanzl\u00ednov\u00e1 and Barbora Str\u00fdcov\u00e1"}]},{"@type":"WebSite","@id":"https:\/\/janjaprokic.com\/#website","url":"https:\/\/janjaprokic.com\/","name":"Janja Proki\u0107","description":"V\u00edce ne\u017e \u0161perky","publisher":{"@id":"https:\/\/janjaprokic.com\/#\/schema\/person\/df679b5592370f06b575ef01e09af8fa"},"potentialAction":[{"@type":"SearchAction","target":{"@type":"EntryPoint","urlTemplate":"https:\/\/janjaprokic.com\/?s={search_term_string}"},"query-input":{"@type":"PropertyValueSpecification","valueRequired":true,"valueName":"search_term_string"}}],"inLanguage":"en-US"},{"@type":["Person","Organization"],"@id":"https:\/\/janjaprokic.com\/#\/schema\/person\/df679b5592370f06b575ef01e09af8fa","name":"janjaprokic","image":{"@type":"ImageObject","inLanguage":"en-US","@id":"https:\/\/janjaprokic.com\/#\/schema\/person\/image\/","url":"https:\/\/janjaprokic.com\/wp-content\/uploads\/2025\/06\/Jan-Zima-JT-Banka-2025-04-scaled-e1749048016724.jpg","contentUrl":"https:\/\/janjaprokic.com\/wp-content\/uploads\/2025\/06\/Jan-Zima-JT-Banka-2025-04-scaled-e1749048016724.jpg","width":1920,"height":1290,"caption":"janjaprokic"},"logo":{"@id":"https:\/\/janjaprokic.com\/#\/schema\/person\/image\/"}}]}},"_links":{"self":[{"href":"https:\/\/janjaprokic.com\/en\/wp-json\/wp\/v2\/posts\/32129","targetHints":{"allow":["GET"]}}],"collection":[{"href":"https:\/\/janjaprokic.com\/en\/wp-json\/wp\/v2\/posts"}],"about":[{"href":"https:\/\/janjaprokic.com\/en\/wp-json\/wp\/v2\/types\/post"}],"author":[{"embeddable":true,"href":"https:\/\/janjaprokic.com\/en\/wp-json\/wp\/v2\/users\/2"}],"replies":[{"embeddable":true,"href":"https:\/\/janjaprokic.com\/en\/wp-json\/wp\/v2\/comments?post=32129"}],"version-history":[{"count":4,"href":"https:\/\/janjaprokic.com\/en\/wp-json\/wp\/v2\/posts\/32129\/revisions"}],"predecessor-version":[{"id":32144,"href":"https:\/\/janjaprokic.com\/en\/wp-json\/wp\/v2\/posts\/32129\/revisions\/32144"}],"wp:featuredmedia":[{"embeddable":true,"href":"https:\/\/janjaprokic.com\/en\/wp-json\/wp\/v2\/media\/32111"}],"wp:attachment":[{"href":"https:\/\/janjaprokic.com\/en\/wp-json\/wp\/v2\/media?parent=32129"}],"wp:term":[{"taxonomy":"category","embeddable":true,"href":"https:\/\/janjaprokic.com\/en\/wp-json\/wp\/v2\/categories?post=32129"},{"taxonomy":"post_tag","embeddable":true,"href":"https:\/\/janjaprokic.com\/en\/wp-json\/wp\/v2\/tags?post=32129"}],"curies":[{"name":"wp","href":"https:\/\/api.w.org\/{rel}","templated":true}]}}